{"id":20655,"date":"2023-03-01T16:02:41","date_gmt":"2023-03-01T16:02:41","guid":{"rendered":"https:\/\/preservepipa.com\/?p=20655"},"modified":"2023-03-25T11:48:04","modified_gmt":"2023-03-25T11:48:04","slug":"parque-estadual-mata-da-pipa-deve-ser-entregue-ainda-no-primeiro-semestre-de-2023","status":"publish","type":"post","link":"https:\/\/preservepipa.com\/es\/parque-estadual-mata-da-pipa-deve-ser-entregue-ainda-no-primeiro-semestre-de-2023\/","title":{"rendered":"Parque Estadual Mata da Pipa deve ser entregue ainda no primeiro semestre de 2023"},"content":{"rendered":"<p>Durante a 32\u00aa edi\u00e7\u00e3o da BTL Lisboa, o cofundador do Movimento Preserve Pipa, Wanderson Borges, conversou com a Governadora do Rio Grande do Norte, F\u00e1tima Bezerra, a respeito das demandas da regi\u00e3o da Praia da Pipa, especialmente sobre o Parque Estadual Mata da Pipa. A Governadora sinalizou que a entrega do espa\u00e7o est\u00e1 prevista ainda para o primeiro semestre e deve acontecer simbolicamente no Dia Mundial do Meio Ambiente, 5 de junho de 2023.<\/p>\n\n\n\n<p>O Parque ocupa uma \u00e1rea de mais de 290 hectares no munic\u00edpio de Tibau do Sul e, al\u00e9m de garantir a preserva\u00e7\u00e3o do meio ambiente, promete ser mais um espa\u00e7o para o turismo ecol\u00f3gico. &#8220;Os atrativos tur\u00edsticos s\u00e3o fundamentais para que mais turistas venham visitar o nosso destino. Ademais, quanto mais espa\u00e7os diferenciados, mais op\u00e7\u00f5es de roteiros, o que influencia diretamente na quantidade de di\u00e1rias que o viajante destina ao local e contribui para a movimenta\u00e7\u00e3o econ\u00f4mica&#8221;, explica Wanderson.<\/p>","protected":false},"excerpt":{"rendered":"<p>Durante a 32\u00aa edi\u00e7\u00e3o da BTL Lisboa, o cofundador do Movimento Preserve Pipa, Wanderson Borges, conversou com a Governadora do Rio Grande do Norte, F\u00e1tima Bezerra, a respeito das demandas da regi\u00e3o da Praia da Pipa, especialmente sobre o Parque Estadual Mata da Pipa. A Governadora sinalizou que a entrega do espa\u00e7o est\u00e1 prevista ainda [&hellip;]<\/p>","protected":false},"author":2,"featured_media":20657,"comment_status":"open","ping_status":"open","sticky":false,"template":"","format":"standard","meta":{"footnotes":""},"categories":[63],"tags":[71,13],"class_list":["post-20655","post","type-post","status-publish","format-standard","has-post-thumbnail","hentry","category-noticias","tag-parque-estadual-mata-da-pipa","tag-praia-da-pipa"],"yoast_head":"<!-- This site is optimized with the Yoast SEO Premium plugin v21.2 (Yoast SEO v24.2) - https:\/\/yoast.com\/wordpress\/plugins\/seo\/ -->\n<title>Parque Estadual Mata da Pipa deve ser entregue ainda no primeiro semestre de 2023 - Hot\u00e9is em Pipa<\/title>\n<meta name=\"robots\" content=\"index, follow, max-snippet:-1, max-image-preview:large, max-video-preview:-1\" \/>\n<link rel=\"canonical\" href=\"https:\/\/preservepipa.com\/es\/wp-json\/wp\/v2\/posts\/20655\" \/>\n<meta property=\"og:locale\" content=\"es_ES\" \/>\n<meta property=\"og:type\" content=\"article\" \/>\n<meta property=\"og:title\" content=\"Parque Estadual Mata da Pipa deve ser entregue ainda no primeiro semestre de 2023\" \/>\n<meta property=\"og:description\" content=\"Durante a 32\u00aa edi\u00e7\u00e3o da BTL Lisboa, o cofundador do Movimento Preserve Pipa, Wanderson Borges, conversou com a Governadora do Rio Grande do Norte, F\u00e1tima Bezerra, a respeito das demandas da regi\u00e3o da Praia da Pipa, especialmente sobre o Parque Estadual Mata da Pipa. A Governadora sinalizou que a entrega do espa\u00e7o est\u00e1 prevista ainda [&hellip;]\" \/>\n<meta property=\"og:url\" content=\"https:\/\/preservepipa.com\/es\/parque-estadual-mata-da-pipa-deve-ser-entregue-ainda-no-primeiro-semestre-de-2023\/\" \/>\n<meta property=\"og:site_name\" content=\"Hot\u00e9is em Pipa\" \/>\n<meta property=\"article:publisher\" content=\"https:\/\/www.facebook.com\/preservepipa\" \/>\n<meta property=\"article:published_time\" content=\"2023-03-01T16:02:41+00:00\" \/>\n<meta property=\"article:modified_time\" content=\"2023-03-25T11:48:04+00:00\" \/>\n<meta property=\"og:image\" content=\"https:\/\/preservepipa.com\/wp-content\/uploads\/2023\/03\/Mata-da-Pipa-Fatima-Bezerra.jpeg\" \/>\n\t<meta property=\"og:image:width\" content=\"1200\" \/>\n\t<meta property=\"og:image:height\" content=\"832\" \/>\n\t<meta property=\"og:image:type\" content=\"image\/jpeg\" \/>\n<meta name=\"author\" content=\"Larissa Cavalcante\" \/>\n<meta name=\"twitter:card\" content=\"summary_large_image\" \/>\n<meta name=\"twitter:label1\" content=\"Escrito por\" \/>\n\t<meta name=\"twitter:data1\" content=\"Larissa Cavalcante\" \/>\n\t<meta name=\"twitter:label2\" content=\"Tiempo de lectura\" \/>\n\t<meta name=\"twitter:data2\" content=\"1 minuto\" \/>\n<script type=\"application\/ld+json\" class=\"yoast-schema-graph\">{\"@context\":\"https:\/\/schema.org\",\"@graph\":[{\"@type\":\"Article\",\"@id\":\"https:\/\/preservepipa.com\/parque-estadual-mata-da-pipa-deve-ser-entregue-ainda-no-primeiro-semestre-de-2023\/#article\",\"isPartOf\":{\"@id\":\"https:\/\/preservepipa.com\/parque-estadual-mata-da-pipa-deve-ser-entregue-ainda-no-primeiro-semestre-de-2023\/\"},\"author\":{\"name\":\"Larissa Cavalcante\",\"@id\":\"https:\/\/preservepipa.com\/#\/schema\/person\/3f9e92f7c214664469c7deeaba036647\"},\"headline\":\"Parque Estadual Mata da Pipa deve ser entregue ainda no primeiro semestre de 2023\",\"datePublished\":\"2023-03-01T16:02:41+00:00\",\"dateModified\":\"2023-03-25T11:48:04+00:00\",\"mainEntityOfPage\":{\"@id\":\"https:\/\/preservepipa.com\/parque-estadual-mata-da-pipa-deve-ser-entregue-ainda-no-primeiro-semestre-de-2023\/\"},\"wordCount\":178,\"commentCount\":0,\"publisher\":{\"@id\":\"https:\/\/preservepipa.com\/#organization\"},\"image\":{\"@id\":\"https:\/\/preservepipa.com\/parque-estadual-mata-da-pipa-deve-ser-entregue-ainda-no-primeiro-semestre-de-2023\/#primaryimage\"},\"thumbnailUrl\":\"https:\/\/preservepipa.com\/wp-content\/uploads\/2023\/03\/Mata-da-Pipa-Fatima-Bezerra.jpeg\",\"keywords\":[\"Parque estadual mata da pipa\",\"Praia da Pipa\"],\"articleSection\":[\"Not\u00edcias\"],\"inLanguage\":\"es\",\"potentialAction\":[{\"@type\":\"CommentAction\",\"name\":\"Comment\",\"target\":[\"https:\/\/preservepipa.com\/parque-estadual-mata-da-pipa-deve-ser-entregue-ainda-no-primeiro-semestre-de-2023\/#respond\"]}]},{\"@type\":\"WebPage\",\"@id\":\"https:\/\/preservepipa.com\/parque-estadual-mata-da-pipa-deve-ser-entregue-ainda-no-primeiro-semestre-de-2023\/\",\"url\":\"https:\/\/preservepipa.com\/parque-estadual-mata-da-pipa-deve-ser-entregue-ainda-no-primeiro-semestre-de-2023\/\",\"name\":\"Parque Estadual Mata da Pipa deve ser entregue ainda no primeiro semestre de 2023 - Hot\u00e9is em Pipa\",\"isPartOf\":{\"@id\":\"https:\/\/preservepipa.com\/#website\"},\"primaryImageOfPage\":{\"@id\":\"https:\/\/preservepipa.com\/parque-estadual-mata-da-pipa-deve-ser-entregue-ainda-no-primeiro-semestre-de-2023\/#primaryimage\"},\"image\":{\"@id\":\"https:\/\/preservepipa.com\/parque-estadual-mata-da-pipa-deve-ser-entregue-ainda-no-primeiro-semestre-de-2023\/#primaryimage\"},\"thumbnailUrl\":\"https:\/\/preservepipa.com\/wp-content\/uploads\/2023\/03\/Mata-da-Pipa-Fatima-Bezerra.jpeg\",\"datePublished\":\"2023-03-01T16:02:41+00:00\",\"dateModified\":\"2023-03-25T11:48:04+00:00\",\"breadcrumb\":{\"@id\":\"https:\/\/preservepipa.com\/parque-estadual-mata-da-pipa-deve-ser-entregue-ainda-no-primeiro-semestre-de-2023\/#breadcrumb\"},\"inLanguage\":\"es\",\"potentialAction\":[{\"@type\":\"ReadAction\",\"target\":[\"https:\/\/preservepipa.com\/parque-estadual-mata-da-pipa-deve-ser-entregue-ainda-no-primeiro-semestre-de-2023\/\"]}]},{\"@type\":\"ImageObject\",\"inLanguage\":\"es\",\"@id\":\"https:\/\/preservepipa.com\/parque-estadual-mata-da-pipa-deve-ser-entregue-ainda-no-primeiro-semestre-de-2023\/#primaryimage\",\"url\":\"https:\/\/preservepipa.com\/wp-content\/uploads\/2023\/03\/Mata-da-Pipa-Fatima-Bezerra.jpeg\",\"contentUrl\":\"https:\/\/preservepipa.com\/wp-content\/uploads\/2023\/03\/Mata-da-Pipa-Fatima-Bezerra.jpeg\",\"width\":1200,\"height\":832},{\"@type\":\"BreadcrumbList\",\"@id\":\"https:\/\/preservepipa.com\/parque-estadual-mata-da-pipa-deve-ser-entregue-ainda-no-primeiro-semestre-de-2023\/#breadcrumb\",\"itemListElement\":[{\"@type\":\"ListItem\",\"position\":1,\"name\":\"Home\",\"item\":\"https:\/\/preservepipa.com\/\"},{\"@type\":\"ListItem\",\"position\":2,\"name\":\"Parque Estadual Mata da Pipa deve ser entregue ainda no primeiro semestre de 2023\"}]},{\"@type\":\"WebSite\",\"@id\":\"https:\/\/preservepipa.com\/#website\",\"url\":\"https:\/\/preservepipa.com\/\",\"name\":\"Hot\u00e9is em Pipa\",\"description\":\"Preserve Pipa\",\"publisher\":{\"@id\":\"https:\/\/preservepipa.com\/#organization\"},\"alternateName\":\"Hot\u00e9is em Pipa\",\"potentialAction\":[{\"@type\":\"SearchAction\",\"target\":{\"@type\":\"EntryPoint\",\"urlTemplate\":\"https:\/\/preservepipa.com\/?s={search_term_string}\"},\"query-input\":{\"@type\":\"PropertyValueSpecification\",\"valueRequired\":true,\"valueName\":\"search_term_string\"}}],\"inLanguage\":\"es\"},{\"@type\":\"Organization\",\"@id\":\"https:\/\/preservepipa.com\/#organization\",\"name\":\"Hot\u00e9is em Pipa\",\"url\":\"https:\/\/preservepipa.com\/\",\"logo\":{\"@type\":\"ImageObject\",\"inLanguage\":\"es\",\"@id\":\"https:\/\/preservepipa.com\/#\/schema\/logo\/image\/\",\"url\":\"https:\/\/preservepipa.com\/wp-content\/uploads\/2022\/09\/preserve-pipa-logo.svg\",\"contentUrl\":\"https:\/\/preservepipa.com\/wp-content\/uploads\/2022\/09\/preserve-pipa-logo.svg\",\"width\":426,\"height\":56,\"caption\":\"Hot\u00e9is em Pipa\"},\"image\":{\"@id\":\"https:\/\/preservepipa.com\/#\/schema\/logo\/image\/\"},\"sameAs\":[\"https:\/\/www.facebook.com\/preservepipa\",\"https:\/\/www.instagram.com\/preservepipa\"]},{\"@type\":\"Person\",\"@id\":\"https:\/\/preservepipa.com\/#\/schema\/person\/3f9e92f7c214664469c7deeaba036647\",\"name\":\"Larissa Cavalcante\",\"url\":\"https:\/\/preservepipa.com\/es\/author\/redacao\/\"}]}<\/script>\n<!-- \/ Yoast SEO Premium plugin. -->","yoast_head_json":{"title":"Parque Estadual Mata da Pipa deve ser entregue ainda no primeiro semestre de 2023 - Hot\u00e9is em Pipa","robots":{"index":"index","follow":"follow","max-snippet":"max-snippet:-1","max-image-preview":"max-image-preview:large","max-video-preview":"max-video-preview:-1"},"canonical":"https:\/\/preservepipa.com\/es\/wp-json\/wp\/v2\/posts\/20655","og_locale":"es_ES","og_type":"article","og_title":"Parque Estadual Mata da Pipa deve ser entregue ainda no primeiro semestre de 2023","og_description":"Durante a 32\u00aa edi\u00e7\u00e3o da BTL Lisboa, o cofundador do Movimento Preserve Pipa, Wanderson Borges, conversou com a Governadora do Rio Grande do Norte, F\u00e1tima Bezerra, a respeito das demandas da regi\u00e3o da Praia da Pipa, especialmente sobre o Parque Estadual Mata da Pipa. A Governadora sinalizou que a entrega do espa\u00e7o est\u00e1 prevista ainda [&hellip;]","og_url":"https:\/\/preservepipa.com\/es\/parque-estadual-mata-da-pipa-deve-ser-entregue-ainda-no-primeiro-semestre-de-2023\/","og_site_name":"Hot\u00e9is em Pipa","article_publisher":"https:\/\/www.facebook.com\/preservepipa","article_published_time":"2023-03-01T16:02:41+00:00","article_modified_time":"2023-03-25T11:48:04+00:00","og_image":[{"width":1200,"height":832,"url":"https:\/\/preservepipa.com\/wp-content\/uploads\/2023\/03\/Mata-da-Pipa-Fatima-Bezerra.jpeg","type":"image\/jpeg"}],"author":"Larissa Cavalcante","twitter_card":"summary_large_image","twitter_misc":{"Escrito por":"Larissa Cavalcante","Tiempo de lectura":"1 minuto"},"schema":{"@context":"https:\/\/schema.org","@graph":[{"@type":"Article","@id":"https:\/\/preservepipa.com\/parque-estadual-mata-da-pipa-deve-ser-entregue-ainda-no-primeiro-semestre-de-2023\/#article","isPartOf":{"@id":"https:\/\/preservepipa.com\/parque-estadual-mata-da-pipa-deve-ser-entregue-ainda-no-primeiro-semestre-de-2023\/"},"author":{"name":"Larissa Cavalcante","@id":"https:\/\/preservepipa.com\/#\/schema\/person\/3f9e92f7c214664469c7deeaba036647"},"headline":"Parque Estadual Mata da Pipa deve ser entregue ainda no primeiro semestre de 2023","datePublished":"2023-03-01T16:02:41+00:00","dateModified":"2023-03-25T11:48:04+00:00","mainEntityOfPage":{"@id":"https:\/\/preservepipa.com\/parque-estadual-mata-da-pipa-deve-ser-entregue-ainda-no-primeiro-semestre-de-2023\/"},"wordCount":178,"commentCount":0,"publisher":{"@id":"https:\/\/preservepipa.com\/#organization"},"image":{"@id":"https:\/\/preservepipa.com\/parque-estadual-mata-da-pipa-deve-ser-entregue-ainda-no-primeiro-semestre-de-2023\/#primaryimage"},"thumbnailUrl":"https:\/\/preservepipa.com\/wp-content\/uploads\/2023\/03\/Mata-da-Pipa-Fatima-Bezerra.jpeg","keywords":["Parque estadual mata da pipa","Praia da Pipa"],"articleSection":["Not\u00edcias"],"inLanguage":"es","potentialAction":[{"@type":"CommentAction","name":"Comment","target":["https:\/\/preservepipa.com\/parque-estadual-mata-da-pipa-deve-ser-entregue-ainda-no-primeiro-semestre-de-2023\/#respond"]}]},{"@type":"WebPage","@id":"https:\/\/preservepipa.com\/parque-estadual-mata-da-pipa-deve-ser-entregue-ainda-no-primeiro-semestre-de-2023\/","url":"https:\/\/preservepipa.com\/parque-estadual-mata-da-pipa-deve-ser-entregue-ainda-no-primeiro-semestre-de-2023\/","name":"Parque Estadual Mata da Pipa deve ser entregue ainda no primeiro semestre de 2023 - Hot\u00e9is em Pipa","isPartOf":{"@id":"https:\/\/preservepipa.com\/#website"},"primaryImageOfPage":{"@id":"https:\/\/preservepipa.com\/parque-estadual-mata-da-pipa-deve-ser-entregue-ainda-no-primeiro-semestre-de-2023\/#primaryimage"},"image":{"@id":"https:\/\/preservepipa.com\/parque-estadual-mata-da-pipa-deve-ser-entregue-ainda-no-primeiro-semestre-de-2023\/#primaryimage"},"thumbnailUrl":"https:\/\/preservepipa.com\/wp-content\/uploads\/2023\/03\/Mata-da-Pipa-Fatima-Bezerra.jpeg","datePublished":"2023-03-01T16:02:41+00:00","dateModified":"2023-03-25T11:48:04+00:00","breadcrumb":{"@id":"https:\/\/preservepipa.com\/parque-estadual-mata-da-pipa-deve-ser-entregue-ainda-no-primeiro-semestre-de-2023\/#breadcrumb"},"inLanguage":"es","potentialAction":[{"@type":"ReadAction","target":["https:\/\/preservepipa.com\/parque-estadual-mata-da-pipa-deve-ser-entregue-ainda-no-primeiro-semestre-de-2023\/"]}]},{"@type":"ImageObject","inLanguage":"es","@id":"https:\/\/preservepipa.com\/parque-estadual-mata-da-pipa-deve-ser-entregue-ainda-no-primeiro-semestre-de-2023\/#primaryimage","url":"https:\/\/preservepipa.com\/wp-content\/uploads\/2023\/03\/Mata-da-Pipa-Fatima-Bezerra.jpeg","contentUrl":"https:\/\/preservepipa.com\/wp-content\/uploads\/2023\/03\/Mata-da-Pipa-Fatima-Bezerra.jpeg","width":1200,"height":832},{"@type":"BreadcrumbList","@id":"https:\/\/preservepipa.com\/parque-estadual-mata-da-pipa-deve-ser-entregue-ainda-no-primeiro-semestre-de-2023\/#breadcrumb","itemListElement":[{"@type":"ListItem","position":1,"name":"Home","item":"https:\/\/preservepipa.com\/"},{"@type":"ListItem","position":2,"name":"Parque Estadual Mata da Pipa deve ser entregue ainda no primeiro semestre de 2023"}]},{"@type":"WebSite","@id":"https:\/\/preservepipa.com\/#website","url":"https:\/\/preservepipa.com\/","name":"Hot\u00e9is em Pipa","description":"Preserve Pipa","publisher":{"@id":"https:\/\/preservepipa.com\/#organization"},"alternateName":"Hot\u00e9is em Pipa","potentialAction":[{"@type":"SearchAction","target":{"@type":"EntryPoint","urlTemplate":"https:\/\/preservepipa.com\/?s={search_term_string}"},"query-input":{"@type":"PropertyValueSpecification","valueRequired":true,"valueName":"search_term_string"}}],"inLanguage":"es"},{"@type":"Organization","@id":"https:\/\/preservepipa.com\/#organization","name":"Hot\u00e9is em Pipa","url":"https:\/\/preservepipa.com\/","logo":{"@type":"ImageObject","inLanguage":"es","@id":"https:\/\/preservepipa.com\/#\/schema\/logo\/image\/","url":"https:\/\/preservepipa.com\/wp-content\/uploads\/2022\/09\/preserve-pipa-logo.svg","contentUrl":"https:\/\/preservepipa.com\/wp-content\/uploads\/2022\/09\/preserve-pipa-logo.svg","width":426,"height":56,"caption":"Hot\u00e9is em Pipa"},"image":{"@id":"https:\/\/preservepipa.com\/#\/schema\/logo\/image\/"},"sameAs":["https:\/\/www.facebook.com\/preservepipa","https:\/\/www.instagram.com\/preservepipa"]},{"@type":"Person","@id":"https:\/\/preservepipa.com\/#\/schema\/person\/3f9e92f7c214664469c7deeaba036647","name":"Larissa Cavalcante","url":"https:\/\/preservepipa.com\/es\/author\/redacao\/"}]}},"_links":{"self":[{"href":"https:\/\/preservepipa.com\/es\/wp-json\/wp\/v2\/posts\/20655","targetHints":{"allow":["GET"]}}],"collection":[{"href":"https:\/\/preservepipa.com\/es\/wp-json\/wp\/v2\/posts"}],"about":[{"href":"https:\/\/preservepipa.com\/es\/wp-json\/wp\/v2\/types\/post"}],"author":[{"embeddable":true,"href":"https:\/\/preservepipa.com\/es\/wp-json\/wp\/v2\/users\/2"}],"replies":[{"embeddable":true,"href":"https:\/\/preservepipa.com\/es\/wp-json\/wp\/v2\/comments?post=20655"}],"version-history":[{"count":2,"href":"https:\/\/preservepipa.com\/es\/wp-json\/wp\/v2\/posts\/20655\/revisions"}],"predecessor-version":[{"id":20903,"href":"https:\/\/preservepipa.com\/es\/wp-json\/wp\/v2\/posts\/20655\/revisions\/20903"}],"wp:featuredmedia":[{"embeddable":true,"href":"https:\/\/preservepipa.com\/es\/wp-json\/wp\/v2\/media\/20657"}],"wp:attachment":[{"href":"https:\/\/preservepipa.com\/es\/wp-json\/wp\/v2\/media?parent=20655"}],"wp:term":[{"taxonomy":"category","embeddable":true,"href":"https:\/\/preservepipa.com\/es\/wp-json\/wp\/v2\/categories?post=20655"},{"taxonomy":"post_tag","embeddable":true,"href":"https:\/\/preservepipa.com\/es\/wp-json\/wp\/v2\/tags?post=20655"}],"curies":[{"name":"wp","href":"https:\/\/api.w.org\/{rel}","templated":true}]}}