{"id":21903,"date":"2023-06-28T13:00:00","date_gmt":"2023-06-28T13:00:00","guid":{"rendered":"https:\/\/preservepipa.com\/?p=21903"},"modified":"2023-06-28T16:38:15","modified_gmt":"2023-06-28T16:38:15","slug":"sao-joao-da-pipa-2023","status":"publish","type":"post","link":"https:\/\/preservepipa.com\/es\/sao-joao-da-pipa-2023\/","title":{"rendered":"S\u00e3o Jo\u00e3o da Pipa 2023 acontece nos dias 29, 30 e 1\u00ba: confira a programa\u00e7\u00e3o"},"content":{"rendered":"<p>O <strong>S\u00e3o Jo\u00e3o da Pipa<\/strong> <strong>2023<\/strong>, evento que promete encantar moradores e turistas com sua atmosfera festiva e alegria contagiante, divulgou a sua programa\u00e7\u00e3o. Com eventos realizados nos dias 29 e 30 de junho e 1\u00ba de julho, a celebra\u00e7\u00e3o junina se apresenta como uma excelente op\u00e7\u00e3o para quem deseja vivenciar festas t\u00edpicas, enquanto desfruta de todas as maravilhas naturais e op\u00e7\u00f5es de lazer que esse encantador destino tem a oferecer.<\/p>\n\n\n\n<p>O <strong>S\u00e3o Jo\u00e3o da Pipa<\/strong> <strong>2023<\/strong> traz consigo a ess\u00eancia das festividades juninas do interior, com seus elementos tradicionais como a m\u00fasica de sanfoneiros talentosos, dan\u00e7as t\u00edpicas, coloridas quadrilhas e apresenta\u00e7\u00f5es culturais emocionantes. \u00c9 uma oportunidade \u00fanica de vivenciar toda a atmosfera de uma t\u00edpica festa junina, enriquecida pelo ambiente paradis\u00edaco da praia de Pipa.<\/p>\n\n\n\n<p>Essa festividade \u00e9 ideal para a fam\u00edlia, pois oferece entretenimento para todas as idades. Enquanto os pequenos se encantam com as dan\u00e7as e brincadeiras, os adultos podem aproveitar as apresenta\u00e7\u00f5es musicais, prestigiando talentosos artistas locais e apreciando os diversos ritmos que comp\u00f5em o <strong>S\u00e3o Jo\u00e3o da Pipa<\/strong> <strong>2023<\/strong>. A uni\u00e3o entre a tradi\u00e7\u00e3o junina e o cen\u00e1rio deslumbrante de Pipa \u00e9 simplesmente irresist\u00edvel.<\/p>\n\n\n\n<p>Al\u00e9m disso, Pipa \u00e9 um destino conhecido por sua rica gastronomia. Durante o S\u00e3o Jo\u00e3o, os visitantes ter\u00e3o a oportunidade de saborear deliciosas comidas t\u00edpicas, como canjica, milho verde, pamonha, al\u00e9m de outras iguarias regionais. Os restaurantes e barracas de rua oferecer\u00e3o um verdadeiro festival de sabores, proporcionando aos visitantes uma experi\u00eancia gastron\u00f4mica \u00fanica e saborosa.<\/p>\n\n\n\n<p>A regi\u00e3o da praia da Pipa tamb\u00e9m \u00e9 conhecida por suas op\u00e7\u00f5es de hospedagem, oferecendo algumas das melhores acomoda\u00e7\u00f5es do Rio Grande do Norte. Os visitantes podem desfrutar de confort\u00e1veis hot\u00e9is e pousadas, muitos deles com vistas deslumbrantes para o mar. Combinando o clima acolhedor das festas juninas com o bem-estar de uma hospedagem de qualidade, os turistas ter\u00e3o uma estadia inesquec\u00edvel em Pipa.<\/p>\n\n\n\n<p>O evento \u00e9 promovido pela Prefeitura de Tibau do Sul, por meio da Secretaria de Cultura, com apoio estrutural da Secretaria de Turismo. <\/p>\n\n\n\n<p>Confira abaixo a programa\u00e7\u00e3o completa do evento:<\/p>\n\n\n\n<p><strong>QUINTA-FEIRA (DIA 29\/06):<\/strong><\/p>\n\n\n\n<ul class=\"wp-block-list\">\n<li>17h \u00e0s 17h30: Esquenta na pra\u00e7a com o sanfoneiro Pio e grupo de atra\u00e7\u00f5es animando, incluindo a Quadrilha de Bela Vista, Banda Marcial, Grupo Viva Leve, Pastoril e Violino Cr\u00e1s.<\/li>\n\n\n\n<li>17h30: In\u00edcio do cortejo na rua principal com o sanfoneiro Pio e o grupo de atra\u00e7\u00f5es.<\/li>\n\n\n\n<li>18h10: Chegada do cortejo e apresenta\u00e7\u00e3o do evento com a participa\u00e7\u00e3o especial de Txoco do Milho e Farinha.<\/li>\n\n\n\n<li>18h15 \u00e0s 18h35: Apresenta\u00e7\u00e3o de Violino Cr\u00e1s.<\/li>\n\n\n\n<li>18h40 at\u00e9 \u00e0s 19h30: Show de sanfoneiro com Pio.<\/li>\n\n\n\n<li>19h30 \u00e0s 20h: Apresenta\u00e7\u00e3o &#8220;Viva Leve&#8221;.<\/li>\n\n\n\n<li>20h \u00e0s 20h30: Apresenta\u00e7\u00e3o do Pastoril de Cabeceiras.<\/li>\n\n\n\n<li>20h40 \u00e0s 21h20: Apresenta\u00e7\u00e3o da Quadrilha de Bela Vista.<\/li>\n\n\n\n<li>21h30 \u00e0s 00h30: Show de sanfoneiro com Gilberto.<\/li>\n<\/ul>\n\n\n\n<p><em>Observa\u00e7\u00f5es:<\/em><\/p>\n\n\n\n<ul class=\"wp-block-list\">\n<li><em>Haver\u00e1 apresenta\u00e7\u00f5es extras no Budega Veia das 19h30 \u00e0s 21h, com sanfoneiro Gilberto.<\/em><\/li>\n<\/ul>\n\n\n\n<p><strong>SEXTA-FEIRA (DIA 30\/06):<\/strong><\/p>\n\n\n\n<ul class=\"wp-block-list\">\n<li>17h \u00e0s 17h30: Esquenta na pra\u00e7a com o sanfoneiro Gabriel e grupo de atra\u00e7\u00f5es animando, incluindo a Quadrilha Arrai\u00e1 do Paulo Afonso, Zamb\u00ea, Drama e Banda Marcial.<\/li>\n\n\n\n<li>17h30: In\u00edcio do cortejo na rua principal com o sanfoneiro Gabriel e o grupo de atra\u00e7\u00f5es animando.<\/li>\n\n\n\n<li>18h10: Chegada do cortejo e apresenta\u00e7\u00e3o do evento com a participa\u00e7\u00e3o especial de Txoco do Milho e Farinha.<\/li>\n\n\n\n<li>18h20 \u00e0s 19h20: Show de sanfoneiro com Gabriel.<\/li>\n\n\n\n<li>19h30 \u00e0s 20h: Apresenta\u00e7\u00e3o do Drama com participa\u00e7\u00e3o do sanfoneiro Pio.<\/li>\n\n\n\n<li>20h \u00e0s 20h30: Apresenta\u00e7\u00e3o do Zamb\u00ea de Cabeceiras.<\/li>\n\n\n\n<li>20h30 \u00e0s 21h: Apresenta\u00e7\u00e3o da Quadrilha Matuta &#8220;Junina Tradi\u00e7\u00e3o&#8221;.<\/li>\n\n\n\n<li>21h05 \u00e0s 21h35: Apresenta\u00e7\u00e3o da Quadrilha Matuta &#8220;Arrai\u00e1 do Paulo Afonso&#8221;.<\/li>\n\n\n\n<li>21h40 \u00e0s 22h10: Apresenta\u00e7\u00e3o da Quadrilha Matuta &#8220;Arrocha o N\u00f3&#8221;.<\/li>\n\n\n\n<li>22h15 \u00e0s 22h45: Apresenta\u00e7\u00e3o de Quadrilha Matuta.<\/li>\n\n\n\n<li>22h50 \u00e0s 23h20: Apresenta\u00e7\u00e3o de Quadrilha Matuta.<\/li>\n\n\n\n<li>23h25 \u00e0s 00h30: Premia\u00e7\u00e3o da Quadrilha Matuta.<\/li>\n\n\n\n<li>00h30: Show com a Banda Clarissa e Micaella.<\/li>\n<\/ul>\n\n\n\n<p><em>Observa\u00e7\u00f5es:<\/em><\/p>\n\n\n\n<ul class=\"wp-block-list\">\n<li><em>Haver\u00e1 apresenta\u00e7\u00f5es extras no Budega Veia das 20h \u00e0s 22h30, com sanfoneiro Pio.<\/em><\/li>\n\n\n\n<li><em>Ser\u00e3o anunciados jurados durante o evento.<\/em><\/li>\n<\/ul>\n\n\n\n<p><strong>S\u00c1BADO (DIA 01\/07):<\/strong><\/p>\n\n\n\n<ul class=\"wp-block-list\">\n<li>17h \u00e0s 17h50: Esquenta na pra\u00e7a com o sanfoneiro Emanoel e grupo de atra\u00e7\u00f5es animando, incluindo a Quadrilha de Bela Vista, Boi de Reis, Banda Marcial e Violino Cr\u00e1s.<\/li>\n\n\n\n<li>18h: In\u00edcio do cortejo na rua principal com o grupo de atra\u00e7\u00f5es.<\/li>\n\n\n\n<li>18h40: Chegada do cortejo e apresenta\u00e7\u00e3o do evento.<\/li>\n\n\n\n<li>18h50 \u00e0s 19h30: Show de sanfoneiro com Emanoel.<\/li>\n\n\n\n<li>19h30 \u00e0s 19h45: Apresenta\u00e7\u00e3o de Violino Cr\u00e1s.<\/li>\n\n\n\n<li>19h50 \u00e0s 20h20: Apresenta\u00e7\u00e3o do Boi de Reis.<\/li>\n\n\n\n<li>20h25 \u00e0s 20h55: Apresenta\u00e7\u00e3o de Quadrilha Estilizada.<\/li>\n\n\n\n<li>21h \u00e0s 21h30: Apresenta\u00e7\u00e3o de Quadrilha Estilizada.<\/li>\n\n\n\n<li>21h35 \u00e0s 22h05: Apresenta\u00e7\u00e3o de Quadrilha Estilizada.<\/li>\n\n\n\n<li>22h10 \u00e0s 22h40: Apresenta\u00e7\u00e3o de Quadrilha Estilizada.<\/li>\n\n\n\n<li>22h45 \u00e0s 23h15: Apresenta\u00e7\u00e3o de Quadrilha Estilizada.<\/li>\n\n\n\n<li>23h20 \u00e0s 00h: Premia\u00e7\u00e3o da Quadrilha Estilizada.<\/li>\n\n\n\n<li>00h20 \u00e0s 01h30: Show de sanfoneiro com Pio.<\/li>\n\n\n\n<li>01h40: Apresenta\u00e7\u00e3o de Z\u00e9 Zanfoneiro.<\/li>\n<\/ul>\n\n\n\n<p><em>Observa\u00e7\u00f5es:<\/em><\/p>\n\n\n\n<ul class=\"wp-block-list\">\n<li><em>Haver\u00e1 apresenta\u00e7\u00f5es extras no Budega Veia com sanfoneiro Pio.<\/em><\/li>\n\n\n\n<li><em>Haver\u00e1 a participa\u00e7\u00e3o de um humorista.<\/em><\/li>\n\n\n\n<li><em>Ser\u00e3o anunciados jurados durante o evento.<\/em><\/li>\n<\/ul>\n\n\n\n<p><\/p>\n\n\n\n<p>Para garantir a sua hospedagem, acesse a nossa\u00a0<a href=\"https:\/\/preservepipa.com\/es\/\">p\u00e1gina de reservas<\/a>, onde voc\u00ea pode conhecer os mais bem avaliados hot\u00e9is e pousadas da regi\u00e3o e ainda se hospedar com os melhores pre\u00e7os!<\/p>\n\n\n\n<p class=\"has-text-align-center\">Ah! N\u00e3o esque\u00e7a de nos seguir nas redes sociais&nbsp;<a href=\"https:\/\/www.instagram.com\/preservepipa\/\">@preservepipa<\/a>&nbsp;para mais informa\u00e7\u00f5es sobre esse destino \u00fanico!<\/p>","protected":false},"excerpt":{"rendered":"<p>O S\u00e3o Jo\u00e3o da Pipa 2023, evento que promete encantar moradores e turistas com sua atmosfera festiva e alegria contagiante, divulgou a sua programa\u00e7\u00e3o. Com eventos realizados nos dias 29 e 30 de junho e 1\u00ba de julho, a celebra\u00e7\u00e3o junina se apresenta como uma excelente op\u00e7\u00e3o para quem deseja vivenciar festas t\u00edpicas, enquanto desfruta [&hellip;]<\/p>","protected":false},"author":2,"featured_media":21905,"comment_status":"closed","ping_status":"open","sticky":false,"template":"","format":"standard","meta":{"footnotes":""},"categories":[86],"tags":[20,13,10],"class_list":["post-21903","post","type-post","status-publish","format-standard","has-post-thumbnail","hentry","category-eventos","tag-pipa-rn","tag-praia-da-pipa","tag-preserve-pipa"],"yoast_head":"<!-- This site is optimized with the Yoast SEO Premium plugin v21.2 (Yoast SEO v24.2) - https:\/\/yoast.com\/wordpress\/plugins\/seo\/ -->\n<title>S\u00e3o Jo\u00e3o da Pipa 2023: confira a programa\u00e7\u00e3o<\/title>\n<meta name=\"description\" content=\"O S\u00e3o Jo\u00e3o da Pipa 2023, evento que promete encantar moradores e turistas, divulgou a sua programa\u00e7\u00e3o. Confira em nosso blog!\" \/>\n<meta name=\"robots\" content=\"index, follow, max-snippet:-1, max-image-preview:large, max-video-preview:-1\" \/>\n<link rel=\"canonical\" href=\"https:\/\/preservepipa.com\/es\/wp-json\/wp\/v2\/posts\/21903\" \/>\n<meta property=\"og:locale\" content=\"es_ES\" \/>\n<meta property=\"og:type\" content=\"article\" \/>\n<meta property=\"og:title\" content=\"S\u00e3o Jo\u00e3o da Pipa 2023 acontece nos dias 29, 30 e 1\u00ba: confira a programa\u00e7\u00e3o\" \/>\n<meta property=\"og:description\" content=\"O S\u00e3o Jo\u00e3o da Pipa 2023, evento que promete encantar moradores e turistas, divulgou a sua programa\u00e7\u00e3o. Confira em nosso blog!\" \/>\n<meta property=\"og:url\" content=\"https:\/\/preservepipa.com\/es\/sao-joao-da-pipa-2023\/\" \/>\n<meta property=\"og:site_name\" content=\"Hot\u00e9is em Pipa\" \/>\n<meta property=\"article:publisher\" content=\"https:\/\/www.facebook.com\/preservepipa\" \/>\n<meta property=\"article:published_time\" content=\"2023-06-28T13:00:00+00:00\" \/>\n<meta property=\"article:modified_time\" content=\"2023-06-28T16:38:15+00:00\" \/>\n<meta property=\"og:image\" content=\"https:\/\/preservepipa.com\/wp-content\/uploads\/2023\/06\/Sao-joao-pipa-2.jpeg\" \/>\n\t<meta property=\"og:image:width\" content=\"960\" \/>\n\t<meta property=\"og:image:height\" content=\"720\" \/>\n\t<meta property=\"og:image:type\" content=\"image\/jpeg\" \/>\n<meta name=\"author\" content=\"Larissa Cavalcante\" \/>\n<meta name=\"twitter:card\" content=\"summary_large_image\" \/>\n<meta name=\"twitter:label1\" content=\"Escrito por\" \/>\n\t<meta name=\"twitter:data1\" content=\"Larissa Cavalcante\" \/>\n\t<meta name=\"twitter:label2\" content=\"Tiempo de lectura\" \/>\n\t<meta name=\"twitter:data2\" content=\"5 minutos\" \/>\n<script type=\"application\/ld+json\" class=\"yoast-schema-graph\">{\"@context\":\"https:\/\/schema.org\",\"@graph\":[{\"@type\":\"Article\",\"@id\":\"https:\/\/preservepipa.com\/en\/sao-joao-da-pipa-2023\/#article\",\"isPartOf\":{\"@id\":\"https:\/\/preservepipa.com\/en\/sao-joao-da-pipa-2023\/\"},\"author\":{\"name\":\"Larissa Cavalcante\",\"@id\":\"https:\/\/preservepipa.com\/#\/schema\/person\/3f9e92f7c214664469c7deeaba036647\"},\"headline\":\"S\u00e3o Jo\u00e3o da Pipa 2023 acontece nos dias 29, 30 e 1\u00ba: confira a programa\u00e7\u00e3o\",\"datePublished\":\"2023-06-28T13:00:00+00:00\",\"dateModified\":\"2023-06-28T16:38:15+00:00\",\"mainEntityOfPage\":{\"@id\":\"https:\/\/preservepipa.com\/en\/sao-joao-da-pipa-2023\/\"},\"wordCount\":945,\"publisher\":{\"@id\":\"https:\/\/preservepipa.com\/#organization\"},\"image\":{\"@id\":\"https:\/\/preservepipa.com\/en\/sao-joao-da-pipa-2023\/#primaryimage\"},\"thumbnailUrl\":\"https:\/\/preservepipa.com\/wp-content\/uploads\/2023\/06\/Sao-joao-pipa-2.jpeg\",\"keywords\":[\"Pipa RN\",\"Praia da Pipa\",\"Preserve Pipa\"],\"articleSection\":[\"Eventos\"],\"inLanguage\":\"es\"},{\"@type\":\"WebPage\",\"@id\":\"https:\/\/preservepipa.com\/en\/sao-joao-da-pipa-2023\/\",\"url\":\"https:\/\/preservepipa.com\/en\/sao-joao-da-pipa-2023\/\",\"name\":\"S\u00e3o Jo\u00e3o da Pipa 2023: confira a programa\u00e7\u00e3o\",\"isPartOf\":{\"@id\":\"https:\/\/preservepipa.com\/#website\"},\"primaryImageOfPage\":{\"@id\":\"https:\/\/preservepipa.com\/en\/sao-joao-da-pipa-2023\/#primaryimage\"},\"image\":{\"@id\":\"https:\/\/preservepipa.com\/en\/sao-joao-da-pipa-2023\/#primaryimage\"},\"thumbnailUrl\":\"https:\/\/preservepipa.com\/wp-content\/uploads\/2023\/06\/Sao-joao-pipa-2.jpeg\",\"datePublished\":\"2023-06-28T13:00:00+00:00\",\"dateModified\":\"2023-06-28T16:38:15+00:00\",\"description\":\"O S\u00e3o Jo\u00e3o da Pipa 2023, evento que promete encantar moradores e turistas, divulgou a sua programa\u00e7\u00e3o. Confira em nosso blog!\",\"breadcrumb\":{\"@id\":\"https:\/\/preservepipa.com\/en\/sao-joao-da-pipa-2023\/#breadcrumb\"},\"inLanguage\":\"es\",\"potentialAction\":[{\"@type\":\"ReadAction\",\"target\":[\"https:\/\/preservepipa.com\/en\/sao-joao-da-pipa-2023\/\"]}]},{\"@type\":\"ImageObject\",\"inLanguage\":\"es\",\"@id\":\"https:\/\/preservepipa.com\/en\/sao-joao-da-pipa-2023\/#primaryimage\",\"url\":\"https:\/\/preservepipa.com\/wp-content\/uploads\/2023\/06\/Sao-joao-pipa-2.jpeg\",\"contentUrl\":\"https:\/\/preservepipa.com\/wp-content\/uploads\/2023\/06\/Sao-joao-pipa-2.jpeg\",\"width\":960,\"height\":720,\"caption\":\"Cr\u00e9dito: Gustavo Mitilene.\"},{\"@type\":\"BreadcrumbList\",\"@id\":\"https:\/\/preservepipa.com\/en\/sao-joao-da-pipa-2023\/#breadcrumb\",\"itemListElement\":[{\"@type\":\"ListItem\",\"position\":1,\"name\":\"Home\",\"item\":\"https:\/\/preservepipa.com\/\"},{\"@type\":\"ListItem\",\"position\":2,\"name\":\"S\u00e3o Jo\u00e3o da Pipa 2023 acontece nos dias 29, 30 e 1\u00ba: confira a programa\u00e7\u00e3o\"}]},{\"@type\":\"WebSite\",\"@id\":\"https:\/\/preservepipa.com\/#website\",\"url\":\"https:\/\/preservepipa.com\/\",\"name\":\"Hot\u00e9is em Pipa\",\"description\":\"Preserve Pipa\",\"publisher\":{\"@id\":\"https:\/\/preservepipa.com\/#organization\"},\"alternateName\":\"Hot\u00e9is em Pipa\",\"potentialAction\":[{\"@type\":\"SearchAction\",\"target\":{\"@type\":\"EntryPoint\",\"urlTemplate\":\"https:\/\/preservepipa.com\/?s={search_term_string}\"},\"query-input\":{\"@type\":\"PropertyValueSpecification\",\"valueRequired\":true,\"valueName\":\"search_term_string\"}}],\"inLanguage\":\"es\"},{\"@type\":\"Organization\",\"@id\":\"https:\/\/preservepipa.com\/#organization\",\"name\":\"Hot\u00e9is em Pipa\",\"url\":\"https:\/\/preservepipa.com\/\",\"logo\":{\"@type\":\"ImageObject\",\"inLanguage\":\"es\",\"@id\":\"https:\/\/preservepipa.com\/#\/schema\/logo\/image\/\",\"url\":\"https:\/\/preservepipa.com\/wp-content\/uploads\/2022\/09\/preserve-pipa-logo.svg\",\"contentUrl\":\"https:\/\/preservepipa.com\/wp-content\/uploads\/2022\/09\/preserve-pipa-logo.svg\",\"width\":426,\"height\":56,\"caption\":\"Hot\u00e9is em Pipa\"},\"image\":{\"@id\":\"https:\/\/preservepipa.com\/#\/schema\/logo\/image\/\"},\"sameAs\":[\"https:\/\/www.facebook.com\/preservepipa\",\"https:\/\/www.instagram.com\/preservepipa\"]},{\"@type\":\"Person\",\"@id\":\"https:\/\/preservepipa.com\/#\/schema\/person\/3f9e92f7c214664469c7deeaba036647\",\"name\":\"Larissa Cavalcante\",\"url\":\"https:\/\/preservepipa.com\/es\/author\/redacao\/\"}]}<\/script>\n<!-- \/ Yoast SEO Premium plugin. -->","yoast_head_json":{"title":"S\u00e3o Jo\u00e3o da Pipa 2023: confira a programa\u00e7\u00e3o","description":"O S\u00e3o Jo\u00e3o da Pipa 2023, evento que promete encantar moradores e turistas, divulgou a sua programa\u00e7\u00e3o. Confira em nosso blog!","robots":{"index":"index","follow":"follow","max-snippet":"max-snippet:-1","max-image-preview":"max-image-preview:large","max-video-preview":"max-video-preview:-1"},"canonical":"https:\/\/preservepipa.com\/es\/wp-json\/wp\/v2\/posts\/21903","og_locale":"es_ES","og_type":"article","og_title":"S\u00e3o Jo\u00e3o da Pipa 2023 acontece nos dias 29, 30 e 1\u00ba: confira a programa\u00e7\u00e3o","og_description":"O S\u00e3o Jo\u00e3o da Pipa 2023, evento que promete encantar moradores e turistas, divulgou a sua programa\u00e7\u00e3o. Confira em nosso blog!","og_url":"https:\/\/preservepipa.com\/es\/sao-joao-da-pipa-2023\/","og_site_name":"Hot\u00e9is em Pipa","article_publisher":"https:\/\/www.facebook.com\/preservepipa","article_published_time":"2023-06-28T13:00:00+00:00","article_modified_time":"2023-06-28T16:38:15+00:00","og_image":[{"width":960,"height":720,"url":"https:\/\/preservepipa.com\/wp-content\/uploads\/2023\/06\/Sao-joao-pipa-2.jpeg","type":"image\/jpeg"}],"author":"Larissa Cavalcante","twitter_card":"summary_large_image","twitter_misc":{"Escrito por":"Larissa Cavalcante","Tiempo de lectura":"5 minutos"},"schema":{"@context":"https:\/\/schema.org","@graph":[{"@type":"Article","@id":"https:\/\/preservepipa.com\/en\/sao-joao-da-pipa-2023\/#article","isPartOf":{"@id":"https:\/\/preservepipa.com\/en\/sao-joao-da-pipa-2023\/"},"author":{"name":"Larissa Cavalcante","@id":"https:\/\/preservepipa.com\/#\/schema\/person\/3f9e92f7c214664469c7deeaba036647"},"headline":"S\u00e3o Jo\u00e3o da Pipa 2023 acontece nos dias 29, 30 e 1\u00ba: confira a programa\u00e7\u00e3o","datePublished":"2023-06-28T13:00:00+00:00","dateModified":"2023-06-28T16:38:15+00:00","mainEntityOfPage":{"@id":"https:\/\/preservepipa.com\/en\/sao-joao-da-pipa-2023\/"},"wordCount":945,"publisher":{"@id":"https:\/\/preservepipa.com\/#organization"},"image":{"@id":"https:\/\/preservepipa.com\/en\/sao-joao-da-pipa-2023\/#primaryimage"},"thumbnailUrl":"https:\/\/preservepipa.com\/wp-content\/uploads\/2023\/06\/Sao-joao-pipa-2.jpeg","keywords":["Pipa RN","Praia da Pipa","Preserve Pipa"],"articleSection":["Eventos"],"inLanguage":"es"},{"@type":"WebPage","@id":"https:\/\/preservepipa.com\/en\/sao-joao-da-pipa-2023\/","url":"https:\/\/preservepipa.com\/en\/sao-joao-da-pipa-2023\/","name":"S\u00e3o Jo\u00e3o da Pipa 2023: confira a programa\u00e7\u00e3o","isPartOf":{"@id":"https:\/\/preservepipa.com\/#website"},"primaryImageOfPage":{"@id":"https:\/\/preservepipa.com\/en\/sao-joao-da-pipa-2023\/#primaryimage"},"image":{"@id":"https:\/\/preservepipa.com\/en\/sao-joao-da-pipa-2023\/#primaryimage"},"thumbnailUrl":"https:\/\/preservepipa.com\/wp-content\/uploads\/2023\/06\/Sao-joao-pipa-2.jpeg","datePublished":"2023-06-28T13:00:00+00:00","dateModified":"2023-06-28T16:38:15+00:00","description":"O S\u00e3o Jo\u00e3o da Pipa 2023, evento que promete encantar moradores e turistas, divulgou a sua programa\u00e7\u00e3o. Confira em nosso blog!","breadcrumb":{"@id":"https:\/\/preservepipa.com\/en\/sao-joao-da-pipa-2023\/#breadcrumb"},"inLanguage":"es","potentialAction":[{"@type":"ReadAction","target":["https:\/\/preservepipa.com\/en\/sao-joao-da-pipa-2023\/"]}]},{"@type":"ImageObject","inLanguage":"es","@id":"https:\/\/preservepipa.com\/en\/sao-joao-da-pipa-2023\/#primaryimage","url":"https:\/\/preservepipa.com\/wp-content\/uploads\/2023\/06\/Sao-joao-pipa-2.jpeg","contentUrl":"https:\/\/preservepipa.com\/wp-content\/uploads\/2023\/06\/Sao-joao-pipa-2.jpeg","width":960,"height":720,"caption":"Cr\u00e9dito: Gustavo Mitilene."},{"@type":"BreadcrumbList","@id":"https:\/\/preservepipa.com\/en\/sao-joao-da-pipa-2023\/#breadcrumb","itemListElement":[{"@type":"ListItem","position":1,"name":"Home","item":"https:\/\/preservepipa.com\/"},{"@type":"ListItem","position":2,"name":"S\u00e3o Jo\u00e3o da Pipa 2023 acontece nos dias 29, 30 e 1\u00ba: confira a programa\u00e7\u00e3o"}]},{"@type":"WebSite","@id":"https:\/\/preservepipa.com\/#website","url":"https:\/\/preservepipa.com\/","name":"Hot\u00e9is em Pipa","description":"Preserve Pipa","publisher":{"@id":"https:\/\/preservepipa.com\/#organization"},"alternateName":"Hot\u00e9is em Pipa","potentialAction":[{"@type":"SearchAction","target":{"@type":"EntryPoint","urlTemplate":"https:\/\/preservepipa.com\/?s={search_term_string}"},"query-input":{"@type":"PropertyValueSpecification","valueRequired":true,"valueName":"search_term_string"}}],"inLanguage":"es"},{"@type":"Organization","@id":"https:\/\/preservepipa.com\/#organization","name":"Hot\u00e9is em Pipa","url":"https:\/\/preservepipa.com\/","logo":{"@type":"ImageObject","inLanguage":"es","@id":"https:\/\/preservepipa.com\/#\/schema\/logo\/image\/","url":"https:\/\/preservepipa.com\/wp-content\/uploads\/2022\/09\/preserve-pipa-logo.svg","contentUrl":"https:\/\/preservepipa.com\/wp-content\/uploads\/2022\/09\/preserve-pipa-logo.svg","width":426,"height":56,"caption":"Hot\u00e9is em Pipa"},"image":{"@id":"https:\/\/preservepipa.com\/#\/schema\/logo\/image\/"},"sameAs":["https:\/\/www.facebook.com\/preservepipa","https:\/\/www.instagram.com\/preservepipa"]},{"@type":"Person","@id":"https:\/\/preservepipa.com\/#\/schema\/person\/3f9e92f7c214664469c7deeaba036647","name":"Larissa Cavalcante","url":"https:\/\/preservepipa.com\/es\/author\/redacao\/"}]}},"_links":{"self":[{"href":"https:\/\/preservepipa.com\/es\/wp-json\/wp\/v2\/posts\/21903","targetHints":{"allow":["GET"]}}],"collection":[{"href":"https:\/\/preservepipa.com\/es\/wp-json\/wp\/v2\/posts"}],"about":[{"href":"https:\/\/preservepipa.com\/es\/wp-json\/wp\/v2\/types\/post"}],"author":[{"embeddable":true,"href":"https:\/\/preservepipa.com\/es\/wp-json\/wp\/v2\/users\/2"}],"replies":[{"embeddable":true,"href":"https:\/\/preservepipa.com\/es\/wp-json\/wp\/v2\/comments?post=21903"}],"version-history":[{"count":4,"href":"https:\/\/preservepipa.com\/es\/wp-json\/wp\/v2\/posts\/21903\/revisions"}],"predecessor-version":[{"id":21913,"href":"https:\/\/preservepipa.com\/es\/wp-json\/wp\/v2\/posts\/21903\/revisions\/21913"}],"wp:featuredmedia":[{"embeddable":true,"href":"https:\/\/preservepipa.com\/es\/wp-json\/wp\/v2\/media\/21905"}],"wp:attachment":[{"href":"https:\/\/preservepipa.com\/es\/wp-json\/wp\/v2\/media?parent=21903"}],"wp:term":[{"taxonomy":"category","embeddable":true,"href":"https:\/\/preservepipa.com\/es\/wp-json\/wp\/v2\/categories?post=21903"},{"taxonomy":"post_tag","embeddable":true,"href":"https:\/\/preservepipa.com\/es\/wp-json\/wp\/v2\/tags?post=21903"}],"curies":[{"name":"wp","href":"https:\/\/api.w.org\/{rel}","templated":true}]}}